{"id":1353,"date":"2019-12-16T15:01:23","date_gmt":"2019-12-16T15:01:23","guid":{"rendered":"http:\/\/www.gegendruck-kultur.de\/gegendruck\/?p=1353"},"modified":"2020-03-18T16:18:45","modified_gmt":"2020-03-18T16:18:45","slug":"22-03-biswurm-hassler-schwarzer-hahn","status":"publish","type":"post","link":"http:\/\/www.gegendruck-kultur.de\/gegendruck\/events\/22-03-biswurm-hassler-schwarzer-hahn\/","title":{"rendered":"cancelled \/ 22.03.2020 \/ Biswurm + Hassler \/ Schwarzer Hahn"},"content":{"rendered":"<p>[vc_section 0=&#8220;&#8220;][vc_row 0=&#8220;&#8220;][vc_column 0=&#8220;&#8220;][vc_column_text 0=&#8220;&#8220;]<strong>Wie immer Eintritt frei. Spenden erw\u00fcnscht. Einlass 20.00h, Konzert 21.00h<br \/>\n<\/strong><\/p>\n<p><span style=\"font-size: small;\">viermal H.<\/span><\/p>\n<p><span style=\"font-size: small;\">der letzte Buchstab in B.A.C.H &#8211; der Letzte!<\/span><\/p>\n<p><span style=\"font-size: small;\">wird der Erste sein.<\/span><\/p>\n<p><span style=\"font-size: small;\">Schaumgeboren aus einer Schnapsidee: Hans Hassler, der Schweizer Akkordeongott, wie Viele anerkennend raunzen, kommt die Red auf Ihn &#8211; er aber red net viel, des brauchts net.<\/span><\/p>\n<p><span style=\"font-size: small;\">Music talks.<\/span><\/p>\n<p><span style=\"font-size: small;\">Graub\u00fcndner, jetzt lebend im Kanton Zug.<\/span><\/p>\n<p><span style=\"font-size: small;\">Hantiert mit: T\u00f6nen und zwar: gekonnt und bewegend, ber\u00fchrend, anr\u00fchrend.<\/span><\/p>\n<p><span style=\"font-size: small;\">dann der andere: bis wurm: trommelt, spricht, singt, macht sich wichtig &#8211;<\/span><\/p>\n<p><span style=\"font-size: small;\">Hassler bremst den ein mit nur einem TON.<\/span><\/p>\n<p><span style=\"font-size: small;\">Eine Disputation, f\u00fcrwahr mit Haut und HH Hassler:<\/span><\/p>\n<p><span style=\"font-size: small;\">Hassler spielte mit Hans Kennel,Frank Gratkowski und jetzt mit bis wurm: <\/span><\/p>\n<p><span style=\"font-size: small;\">2018 erhielt er den <a href=\"https:\/\/de.wikipedia.org\/wiki\/Innerschweizer_Kulturpreis\" target=\"_blank\" rel=\"noopener noreferrer\">Innerschweizer Kulturpreis<\/a> \u00abf\u00fcr sein kreatives Schaffen quer durch alle Sparten und seine zahlreichen Kooperationen mit Theater- und Musikschaffenden in der Zentralschweiz\u00bb.<\/span><\/p>\n<p><span style=\"font-size: small;\">Biswurm trommelt, spricht (im Bairischen Rundfunk \u00fcber Kultur aller Arten) und hat noch kein&#8216; Preis bekommen, aber das kann ja noch&#8230;. eben&#8230;.. kommen<\/span><\/p>\n<p><span style=\"font-size: small;\">22.03.2020 Schwarzer Hahn Landshut: wenn das kein Versprechen ist!!!!<\/span><\/p>\n<p>&nbsp;<\/p>\n<p>&nbsp;<\/p>\n<p>&nbsp;<\/p>\n<p>&nbsp;<\/p>\n<p>&nbsp;[\/vc_column_text][\/vc_column][\/vc_row][\/vc_section]<\/p>\n","protected":false},"excerpt":{"rendered":"<p>der Schweizer Akkordeongott, wie viele anerkennend raunzen mit dem der trommelt<\/p>\n","protected":false},"author":1,"featured_media":1354,"comment_status":"closed","ping_status":"open","sticky":false,"template":"","format":"standard","meta":[],"categories":[11],"tags":[],"_links":{"self":[{"href":"http:\/\/www.gegendruck-kultur.de\/gegendruck\/wp-json\/wp\/v2\/posts\/1353"}],"collection":[{"href":"http:\/\/www.gegendruck-kultur.de\/gegendruck\/wp-json\/wp\/v2\/posts"}],"about":[{"href":"http:\/\/www.gegendruck-kultur.de\/gegendruck\/wp-json\/wp\/v2\/types\/post"}],"author":[{"embeddable":true,"href":"http:\/\/www.gegendruck-kultur.de\/gegendruck\/wp-json\/wp\/v2\/users\/1"}],"replies":[{"embeddable":true,"href":"http:\/\/www.gegendruck-kultur.de\/gegendruck\/wp-json\/wp\/v2\/comments?post=1353"}],"version-history":[{"count":7,"href":"http:\/\/www.gegendruck-kultur.de\/gegendruck\/wp-json\/wp\/v2\/posts\/1353\/revisions"}],"predecessor-version":[{"id":1710,"href":"http:\/\/www.gegendruck-kultur.de\/gegendruck\/wp-json\/wp\/v2\/posts\/1353\/revisions\/1710"}],"wp:featuredmedia":[{"embeddable":true,"href":"http:\/\/www.gegendruck-kultur.de\/gegendruck\/wp-json\/wp\/v2\/media\/1354"}],"wp:attachment":[{"href":"http:\/\/www.gegendruck-kultur.de\/gegendruck\/wp-json\/wp\/v2\/media?parent=1353"}],"wp:term":[{"taxonomy":"category","embeddable":true,"href":"http:\/\/www.gegendruck-kultur.de\/gegendruck\/wp-json\/wp\/v2\/categories?post=1353"},{"taxonomy":"post_tag","embeddable":true,"href":"http:\/\/www.gegendruck-kultur.de\/gegendruck\/wp-json\/wp\/v2\/tags?post=1353"}],"curies":[{"name":"wp","href":"https:\/\/api.w.org\/{rel}","templated":true}]}}