{"id":1360,"date":"2019-12-16T15:32:28","date_gmt":"2019-12-16T15:32:28","guid":{"rendered":"http:\/\/www.gegendruck-kultur.de\/gegendruck\/?p=1360"},"modified":"2020-03-18T16:20:23","modified_gmt":"2020-03-18T16:20:23","slug":"05-04-2020-paul-vilser-schwarzer-hahn","status":"publish","type":"post","link":"http:\/\/www.gegendruck-kultur.de\/gegendruck\/events\/05-04-2020-paul-vilser-schwarzer-hahn\/","title":{"rendered":"cancelled \/ 05.04.2020 \/ Paul Vilser \/ Schwarzer Hahn"},"content":{"rendered":"<p>[vc_section][vc_row][vc_column][vc_column_text]<strong>Paul im Hahn um 20.00h , 21.00h Konzert. Eintritt frei. Spenden erw\u00fcnscht.<br \/>\n<\/strong><\/p>\n<p>Paul M. Vilser, S\u00e4nger und Gitarrist der Bluesgangsters, steht seit nunmehr 30 Jahren auf der B\u00fchne und begeistert ebenso mit seinem Soloprogramm eine immer noch wachsende Fangemeinde auch \u00fcber die niederbayerischen Grenzen hinaus. Trotzige Lyrics und virtuoses Gitarrenspiel ergeben eine gelungene Mischung aus Blues, Punk und Rock&#8217;n&#8217;Roll.<\/p>\n<p>[\/vc_column_text][\/vc_column][\/vc_row][\/vc_section][vc_row 0=&#8220;&#8220;][vc_column 0=&#8220;&#8220;][vc_empty_space height=&#8220;500&#8243;][\/vc_column][\/vc_row]<\/p>\n","protected":false},"excerpt":{"rendered":"<p>Trotzige Lyrics und virtuoses Gitarrenspiel ergeben eine gelungene Mischung aus Blues, Punk und Rock&#8217;n&#8217;Roll.<\/p>\n","protected":false},"author":1,"featured_media":1363,"comment_status":"closed","ping_status":"open","sticky":false,"template":"","format":"standard","meta":[],"categories":[11],"tags":[],"_links":{"self":[{"href":"http:\/\/www.gegendruck-kultur.de\/gegendruck\/wp-json\/wp\/v2\/posts\/1360"}],"collection":[{"href":"http:\/\/www.gegendruck-kultur.de\/gegendruck\/wp-json\/wp\/v2\/posts"}],"about":[{"href":"http:\/\/www.gegendruck-kultur.de\/gegendruck\/wp-json\/wp\/v2\/types\/post"}],"author":[{"embeddable":true,"href":"http:\/\/www.gegendruck-kultur.de\/gegendruck\/wp-json\/wp\/v2\/users\/1"}],"replies":[{"embeddable":true,"href":"http:\/\/www.gegendruck-kultur.de\/gegendruck\/wp-json\/wp\/v2\/comments?post=1360"}],"version-history":[{"count":7,"href":"http:\/\/www.gegendruck-kultur.de\/gegendruck\/wp-json\/wp\/v2\/posts\/1360\/revisions"}],"predecessor-version":[{"id":1713,"href":"http:\/\/www.gegendruck-kultur.de\/gegendruck\/wp-json\/wp\/v2\/posts\/1360\/revisions\/1713"}],"wp:featuredmedia":[{"embeddable":true,"href":"http:\/\/www.gegendruck-kultur.de\/gegendruck\/wp-json\/wp\/v2\/media\/1363"}],"wp:attachment":[{"href":"http:\/\/www.gegendruck-kultur.de\/gegendruck\/wp-json\/wp\/v2\/media?parent=1360"}],"wp:term":[{"taxonomy":"category","embeddable":true,"href":"http:\/\/www.gegendruck-kultur.de\/gegendruck\/wp-json\/wp\/v2\/categories?post=1360"},{"taxonomy":"post_tag","embeddable":true,"href":"http:\/\/www.gegendruck-kultur.de\/gegendruck\/wp-json\/wp\/v2\/tags?post=1360"}],"curies":[{"name":"wp","href":"https:\/\/api.w.org\/{rel}","templated":true}]}}