{"id":1499,"date":"2020-01-14T14:33:54","date_gmt":"2020-01-14T14:33:54","guid":{"rendered":"http:\/\/www.gegendruck-kultur.de\/gegendruck\/?p=1499"},"modified":"2020-01-14T14:36:33","modified_gmt":"2020-01-14T14:36:33","slug":"petra-und-der-wolf","status":"publish","type":"post","link":"http:\/\/www.gegendruck-kultur.de\/gegendruck\/bands\/petra-und-der-wolf\/","title":{"rendered":"Petra und der Wolf"},"content":{"rendered":"<p>[vc_section][vc_row][vc_column][vc_column_text]<strong>Petra und der Wolf: <\/strong>Manchmal sind Zuschreibungen eben schwerer zu treffen. Die in Wien ans\u00e4ssige Band petra und der wolf verleiht Gef\u00fchlen wie Wut, Hoffnung, Trauer, Ironie und Zuversicht mal roh und ungehalten, mal im Zustand filigraner Gefasstheit musikalischen Ausdruck. Hier werden g\u00e4ngige Songstrukturen au\u00dfer Acht gelassen, wenn n\u00f6tig auch auf Kosten einer beharrlichen Eing\u00e4ngigkeit. petra und der wolf \u00fcberzeugt emotional. Es lohnt sich nicht, nicht aufzupassen. Ja, man k\u00f6nnte sagen, der Name ist Programm, denkt man doch bei petra und der wolf sofort an Prokofjews Verlautmalerung von Charakteren (w\u00e4hrend es bei petra und der wolf Emotionen sind), und gleich darauf f\u00e4llt auf, was als feministische Aneignung verstanden werden kann.<br \/>\nSchon ist es komplett, das Profil einer Band, die wom\u00f6glich an den Genrer\u00e4ndern von Post Rock, Antifolk und Grunge kratzt und sich politisch positioniert: Durch ihr Engagement bei Girls Rock Camps und nicht zuletzt durch die Mitbegr\u00fcndung des queer-feministischen Plattenlabels unrecords.<br \/>\nVerstanden aber ist petra und der wolf erst, wenn man bei ihren Konzerten erlebt, wie Normativit\u00e4t und Gef\u00e4lligkeit in Grund und Boden gespielt werden, oftmals schwerm\u00fctig und stets mit 100 Volt.<\/p>\n<p>Petra Schrenzer (voc, git), Aurora Hackl Tim\u00f3n (dr, as, synth)<\/p>\n<h6><a href=\"http:\/\/www.petraundderwolf.com\/\" target=\"_blank\" rel=\"noopener noreferrer\"><em>web<\/em><\/a> \u00a0\u00a0 |\u00a0\u00a0\u00a0 <em><a href=\"https:\/\/www.facebook.com\/petraundderwolf\/\" target=\"_blank\" rel=\"noopener noreferrer\">facebook<\/a> \u00a0<\/em> |\u00a0<em>\u00a0 <a href=\"https:\/\/soundcloud.com\/petra-und-der-wolf\" target=\"_blank\" rel=\"noopener noreferrer\">soundcloud<\/a><\/em><\/h6>\n<p>&nbsp;<\/p>\n<p>&nbsp;<\/p>\n<p>&nbsp;<\/p>\n<p>&nbsp;<\/p>\n<p>.[\/vc_column_text][\/vc_column][\/vc_row][\/vc_section]<\/p>\n","protected":false},"excerpt":{"rendered":"<p>[vc_section][vc_row][vc_column][vc_column_text]Petra und der Wolf: Manchmal sind Zuschreibungen eben schwerer zu treffen. Die in Wien ans\u00e4ssige Band petra und der wolf verleiht Gef\u00fchlen wie Wut, Hoffnung, Trauer, Ironie und Zuversicht mal roh und ungehalten, mal im Zustand filigraner Gefasstheit musikalischen Ausdruck. Hier werden g\u00e4ngige Songstrukturen au\u00dfer Acht gelassen, wenn n\u00f6tig auch auf Kosten einer beharrlichen Eing\u00e4ngigkeit. [&hellip;]<\/p>\n","protected":false},"author":1,"featured_media":843,"comment_status":"closed","ping_status":"open","sticky":false,"template":"","format":"standard","meta":[],"categories":[12],"tags":[],"_links":{"self":[{"href":"http:\/\/www.gegendruck-kultur.de\/gegendruck\/wp-json\/wp\/v2\/posts\/1499"}],"collection":[{"href":"http:\/\/www.gegendruck-kultur.de\/gegendruck\/wp-json\/wp\/v2\/posts"}],"about":[{"href":"http:\/\/www.gegendruck-kultur.de\/gegendruck\/wp-json\/wp\/v2\/types\/post"}],"author":[{"embeddable":true,"href":"http:\/\/www.gegendruck-kultur.de\/gegendruck\/wp-json\/wp\/v2\/users\/1"}],"replies":[{"embeddable":true,"href":"http:\/\/www.gegendruck-kultur.de\/gegendruck\/wp-json\/wp\/v2\/comments?post=1499"}],"version-history":[{"count":4,"href":"http:\/\/www.gegendruck-kultur.de\/gegendruck\/wp-json\/wp\/v2\/posts\/1499\/revisions"}],"predecessor-version":[{"id":1503,"href":"http:\/\/www.gegendruck-kultur.de\/gegendruck\/wp-json\/wp\/v2\/posts\/1499\/revisions\/1503"}],"wp:featuredmedia":[{"embeddable":true,"href":"http:\/\/www.gegendruck-kultur.de\/gegendruck\/wp-json\/wp\/v2\/media\/843"}],"wp:attachment":[{"href":"http:\/\/www.gegendruck-kultur.de\/gegendruck\/wp-json\/wp\/v2\/media?parent=1499"}],"wp:term":[{"taxonomy":"category","embeddable":true,"href":"http:\/\/www.gegendruck-kultur.de\/gegendruck\/wp-json\/wp\/v2\/categories?post=1499"},{"taxonomy":"post_tag","embeddable":true,"href":"http:\/\/www.gegendruck-kultur.de\/gegendruck\/wp-json\/wp\/v2\/tags?post=1499"}],"curies":[{"name":"wp","href":"https:\/\/api.w.org\/{rel}","templated":true}]}}