{"id":831,"date":"2018-02-07T13:59:22","date_gmt":"2018-02-07T13:59:22","guid":{"rendered":"http:\/\/www.gegendruck-kultur.de\/gegendruck\/?p=831"},"modified":"2018-05-13T10:29:57","modified_gmt":"2018-05-13T10:29:57","slug":"27-04-2018","status":"publish","type":"post","link":"http:\/\/www.gegendruck-kultur.de\/gegendruck\/archive\/27-04-2018\/","title":{"rendered":"27.04.2018 Knusprige Wimpern \/ Petra und der Wolf | Poschinger Villa"},"content":{"rendered":"<p>[vc_section 0=&#8220;&#8220;][vc_row 0=&#8220;&#8220;][vc_column 0=&#8220;&#8220;][vc_column_text 0=&#8220;&#8220;]<strong>Eine sich aufbauende Gitarrenwand, ein vielschichtiges, treibendes Schlagzeug, das auch mal die Oberhand gewinnen kann, eine Stimme, die aus dem K\u00f6rper erw\u00e4chst und ein Bass, der zur\u00fcck auf den Boden holt&#8230;. Wir freuen uns sehr Euch Petra und der Wolf aus Wien und Knusprige Wimpern aus Passau pr\u00e4sentieren zu d\u00fcrfen. Einlass 20h, Beginn 21 h. Eintritt auf Spendenbasis.<br \/>\n<\/strong><\/p>\n<p><strong>Knusprige Wimpern<\/strong><\/p>\n<p><em>W\u00e4ren die Wimpern ein Haus, so h\u00e4tt es viele Fenster, keine Schl\u00f6sser &#8211; nur kluge Gespenster.<\/em><\/p>\n<p>Ihre Lieder, so sagt man, klingen erfrischend retro und auch ein bisschen wie arte bei Nacht. Da geht&#8217;s um einsame Teppiche, sterbende Katzen, Fl\u00fcsse und Eichen und das Reiten hoher R\u00f6sser. Manchmal bluesig, hin und wieder poppig, jazzig oder rockig, auf jeden Fall abwechslungsreich sind sie &#8211; und vom Herzen kommen sie, ihre Lieder.<\/p>\n<h6><a href=\"https:\/\/www.facebook.com\/Knusprige-Wimpern-1724623091098307\/\" target=\"_blank\" rel=\"noopener\"><em>facebook <\/em><\/a>\u00a0\u00a0\u00a0 |\u00a0\u00a0\u00a0 <em><a href=\"https:\/\/knusprigewimpern.bandcamp.com\/\">bandcamp<\/a><\/em><\/h6>\n<p>&nbsp;<\/p>\n<p><strong>Petra und der Wolf: <\/strong>Manchmal sind Zuschreibungen eben schwerer zu treffen. Die in Wien ans\u00e4ssige Band petra und der wolf verleiht Gef\u00fchlen wie Wut, Hoffnung, Trauer, Ironie und Zuversicht mal roh und ungehalten, mal im Zustand filigraner Gefasstheit musikalischen Ausdruck. Hier werden g\u00e4ngige Songstrukturen au\u00dfer Acht gelassen, wenn n\u00f6tig auch auf Kosten einer beharrlichen Eing\u00e4ngigkeit. petra und der wolf \u00fcberzeugt emotional. Es lohnt sich nicht, nicht aufzupassen. Ja, man k\u00f6nnte sagen, der Name ist Programm, denkt man doch bei petra und der wolf sofort an Prokofjews Verlautmalerung von Charakteren (w\u00e4hrend es bei petra und der wolf Emotionen sind), und gleich darauf f\u00e4llt auf, was als feministische Aneignung verstanden werden kann.<br \/>\nSchon ist es komplett, das Profil einer Band, die wom\u00f6glich an den Genrer\u00e4ndern von Post Rock, Antifolk und Grunge kratzt und sich politisch positioniert: Durch ihr Engagement bei Girls Rock Camps und nicht zuletzt durch die Mitbegr\u00fcndung des queer-feministischen Plattenlabels unrecords.<br \/>\nVerstanden aber ist petra und der wolf erst, wenn man bei ihren Konzerten erlebt, wie Normativit\u00e4t und Gef\u00e4lligkeit in Grund und Boden gespielt werden, oftmals schwerm\u00fctig und stets mit 100 Volt.<\/p>\n<p>Petra Schrenzer (voc, git), Aurora Hackl Tim\u00f3n (dr, as, synth)<\/p>\n<h6><a href=\"http:\/\/www.petraundderwolf.com\/\" target=\"_blank\" rel=\"noopener\"><em>web<\/em><\/a> \u00a0\u00a0 |\u00a0\u00a0\u00a0 <em><a href=\"https:\/\/www.facebook.com\/petraundderwolf\/\" target=\"_blank\" rel=\"noopener\">facebook<\/a> \u00a0<\/em> |\u00a0<em>\u00a0 <a href=\"https:\/\/soundcloud.com\/petra-und-der-wolf\" target=\"_blank\" rel=\"noopener\">soundcloud<\/a><\/em><\/h6>\n<p>&nbsp;<\/p>\n<p><strong>Djane Ina |\u00a0<\/strong><span id=\"cch_f340dc51ec8d96a\" class=\"_mh6 _wsc\"><span class=\"_3oh- _58nk\">Trip Hop, Electro, HipHop, Querbeet<\/span><\/span><\/p>\n<p><strong>Dj Monkey Uprising | <\/strong><span id=\"cch_f340dc51ec8d96a\" class=\"_mh6 _wsc\"><span class=\"_3oh- _58nk\">Colors Passau | outernational music with soul<\/span><\/span>[\/vc_column_text][\/vc_column][\/vc_row][vc_row full_width=&#8220;stretch_row_content_no_spaces&#8220; css=&#8220;.vc_custom_1496161873814{padding-top: 40px !important;padding-bottom: 40px !important;}&#8220;][vc_column 0=&#8220;&#8220;]<div class=\"wpb_content_element   clearfix\">            \r\n            <script type=\"text\/javascript\">\r\n                \r\n                (function($){\r\n                    \r\n                    $(document).ready(function(){\r\n                        \r\n                                                                        \r\n                        function get_animated_objects( $all_appeared_elements, effect ) {\r\n                            \r\n                            var counter = 0;\r\n                            \r\n                            $all_appeared_elements.each(function(){\r\n                                        \r\n                                if( $(this).hasClass(effect) ) {\r\n\r\n                                    counter++;\r\n\r\n                                }\r\n\r\n                            });\r\n                            \r\n                            return counter;\r\n                            \r\n                        }\r\n                        \r\n                          \r\n                    });\r\n                        \r\n                })(jQuery);\r\n            \r\n            <\/script>\r\n            \r\n            <style type=\"text\/css\" scoped>#ut_ig_69effb33ac821 .ut-lazy:not(.ut-image-loaded) + .ut-video-module-loading { display:block; }#ut_ig_69effb33ac821 .ut-lazy.ut-image-loaded + .ut-video-module-loading { display:none; }<\/style><div id=\"ut_ig_69effb33ac821\" class=\"ut-image-gallery  clearfix\"><div  data-count=\"4\" class=\"ut-image-gallery-item ut-animation-done grid-25 tablet-grid-50 mobile-grid-100 \"><a  class=\"ut-vc-images-lightbox\" data-sub-html=\"#ut-image-caption-844\" data-exthumbimage=\"http:\/\/www.gegendruck-kultur.de\/gegendruck\/wp-content\/uploads\/2018\/02\/knuwi_web-150x150.jpg\" href=\"http:\/\/www.gegendruck-kultur.de\/gegendruck\/wp-content\/uploads\/2018\/02\/knuwi_web.jpg\"><div class=\"ut-image-gallery-image\"><img  class=\"\" src=\"http:\/\/www.gegendruck-kultur.de\/gegendruck\/wp-content\/uploads\/2018\/02\/knuwi_web-1160x1160.jpg\" width=\"1160\" height=\"1160\"><div class=\"ut-image-gallery-image-caption\"><div class=\"ut-image-gallery-item-caption-title\"><h3>knusprige wimpern<\/h3><\/div><\/div><\/div><div id=\"ut-image-caption-844\" class=\"ut-vc-images-lightbox-caption\">knusprige wimpern<\/div><\/a><\/div><div  data-count=\"4\" class=\"ut-image-gallery-item ut-animation-done ut-animation-done grid-25 tablet-grid-50 mobile-grid-100 \"><a  class=\"ut-vc-images-lightbox\"  data-exthumbimage=\"http:\/\/www.gegendruck-kultur.de\/gegendruck\/wp-content\/uploads\/2018\/02\/mast_web-150x150.jpg\" href=\"http:\/\/www.gegendruck-kultur.de\/gegendruck\/wp-content\/uploads\/2018\/02\/mast_web-1254x720.jpg\"><div class=\"ut-image-gallery-image\"><img  class=\"\" src=\"http:\/\/www.gegendruck-kultur.de\/gegendruck\/wp-content\/uploads\/2018\/02\/mast_web-1160x919-1160x1160.jpg\" width=\"1160\" height=\"1160\"><div class=\"ut-image-gallery-image-caption\"><div class=\"ut-image-gallery-item-caption-title\"><h3 class=\"ut-image-gallery-empty-title\">+<\/h3><\/div><\/div><\/div><\/a><\/div><div  data-count=\"4\" class=\"ut-image-gallery-item ut-animation-done ut-animation-done ut-animation-done grid-25 tablet-grid-50 mobile-grid-100 ut-tablet-last\"><a  class=\"ut-vc-images-lightbox\" data-sub-html=\"#ut-image-caption-843\" data-exthumbimage=\"http:\/\/www.gegendruck-kultur.de\/gegendruck\/wp-content\/uploads\/2018\/02\/petraundderwolf_web-150x150.jpg\" href=\"http:\/\/www.gegendruck-kultur.de\/gegendruck\/wp-content\/uploads\/2018\/02\/petraundderwolf_web.jpg\"><div class=\"ut-image-gallery-image\"><img  class=\"ut-tablet-last\" src=\"http:\/\/www.gegendruck-kultur.de\/gegendruck\/wp-content\/uploads\/2018\/02\/petraundderwolf_web-1160x1160.jpg\" width=\"1160\" height=\"1160\"><div class=\"ut-image-gallery-image-caption\"><div class=\"ut-image-gallery-item-caption-title\"><h3>petra und der wolf<\/h3><\/div><\/div><\/div><div id=\"ut-image-caption-843\" class=\"ut-vc-images-lightbox-caption\">petra und der wolf<\/div><\/a><\/div><div class=\"clear hide-on-desktop hide-on-tablet\"><\/div><div  data-count=\"4\" class=\"ut-image-gallery-item ut-animation-done ut-animation-done ut-animation-done ut-animation-done grid-25 tablet-grid-50 mobile-grid-100 \"><a  class=\"ut-vc-images-lightbox\"  data-exthumbimage=\"http:\/\/www.gegendruck-kultur.de\/gegendruck\/wp-content\/uploads\/2018\/02\/masten3_web-150x150.jpg\" href=\"http:\/\/www.gegendruck-kultur.de\/gegendruck\/wp-content\/uploads\/2018\/02\/masten3_web-1080x720.jpg\"><div class=\"ut-image-gallery-image\"><img  class=\"\" src=\"http:\/\/www.gegendruck-kultur.de\/gegendruck\/wp-content\/uploads\/2018\/02\/masten3_web-1160x1067-1160x1160.jpg\" width=\"1160\" height=\"1160\"><div class=\"ut-image-gallery-image-caption\"><div class=\"ut-image-gallery-item-caption-title\"><h3 class=\"ut-image-gallery-empty-title\">+<\/h3><\/div><\/div><\/div><\/a><\/div><div class=\"clear\"><\/div><\/div><\/div>[\/vc_column][\/vc_row][\/vc_section]<\/p>\n","protected":false},"excerpt":{"rendered":"<p>Eine sich aufbauende Gitarrenwand, ein vielschichtiges, treibendes Schlagzeug, das auch mal die Oberhand gewinnen kann, eine Stimme, die aus dem K\u00f6rper erw\u00e4chst und ein Bass, der zur\u00fcck auf den Boden holt&#8230;. Wir freuen uns sehr Euch Petra und der Wolf aus Wien und Knusprige Wimpern aus Passau pr\u00e4sentieren zu d\u00fcrfen. Einlass 20h, Beginn 21 h. Eintritt auf Spendenbasis.<\/p>\n","protected":false},"author":1,"featured_media":832,"comment_status":"closed","ping_status":"open","sticky":false,"template":"","format":"standard","meta":[],"categories":[14],"tags":[],"_links":{"self":[{"href":"http:\/\/www.gegendruck-kultur.de\/gegendruck\/wp-json\/wp\/v2\/posts\/831"}],"collection":[{"href":"http:\/\/www.gegendruck-kultur.de\/gegendruck\/wp-json\/wp\/v2\/posts"}],"about":[{"href":"http:\/\/www.gegendruck-kultur.de\/gegendruck\/wp-json\/wp\/v2\/types\/post"}],"author":[{"embeddable":true,"href":"http:\/\/www.gegendruck-kultur.de\/gegendruck\/wp-json\/wp\/v2\/users\/1"}],"replies":[{"embeddable":true,"href":"http:\/\/www.gegendruck-kultur.de\/gegendruck\/wp-json\/wp\/v2\/comments?post=831"}],"version-history":[{"count":20,"href":"http:\/\/www.gegendruck-kultur.de\/gegendruck\/wp-json\/wp\/v2\/posts\/831\/revisions"}],"predecessor-version":[{"id":957,"href":"http:\/\/www.gegendruck-kultur.de\/gegendruck\/wp-json\/wp\/v2\/posts\/831\/revisions\/957"}],"wp:featuredmedia":[{"embeddable":true,"href":"http:\/\/www.gegendruck-kultur.de\/gegendruck\/wp-json\/wp\/v2\/media\/832"}],"wp:attachment":[{"href":"http:\/\/www.gegendruck-kultur.de\/gegendruck\/wp-json\/wp\/v2\/media?parent=831"}],"wp:term":[{"taxonomy":"category","embeddable":true,"href":"http:\/\/www.gegendruck-kultur.de\/gegendruck\/wp-json\/wp\/v2\/categories?post=831"},{"taxonomy":"post_tag","embeddable":true,"href":"http:\/\/www.gegendruck-kultur.de\/gegendruck\/wp-json\/wp\/v2\/tags?post=831"}],"curies":[{"name":"wp","href":"https:\/\/api.w.org\/{rel}","templated":true}]}}